{"id":7653,"date":"2024-10-03T11:36:25","date_gmt":"2024-10-03T11:36:25","guid":{"rendered":"https:\/\/klassroom.fr\/le-tableau\/?p=7653"},"modified":"2024-10-16T13:52:01","modified_gmt":"2024-10-16T13:52:01","slug":"quelques-profs-a-suivre-si-vous-avez-une-classe-multi-niveaux","status":"publish","type":"post","link":"https:\/\/klassroom.fr\/le-tableau\/2024\/10\/03\/quelques-profs-a-suivre-si-vous-avez-une-classe-multi-niveaux\/","title":{"rendered":"Quelques profs \u00e0 suivre si vous avez une classe multi-niveaux"},"content":{"rendered":"\n<p>Les blogs et comptes Instagram fleurissent sur internet. Certains sont suivis par des centaines de milliers de personnes mais ils ne correspondent pas forc\u00e9ment aux probl\u00e9matiques que vous rencontrez au quotidien.<\/p>\n\n\n\n<p>Voici une s\u00e9lection de profs \u00e0 suivre si vous \u00eates prof en classe multi-niveaux. Ils partagent des conseils p\u00e9dagogiques, des ressources, des impressions sur leur quotidien et r\u00e9pondront peut-\u00eatre \u00e0 des interrogations que vous vous posez dans votre pratique.<\/p>\n\n\n\n<h3 id=\"les-classes-multi-niveaux-en-maternelle\">Les classes multi-niveaux en maternelle<\/h3>\n\n\n\n<p><a href=\"https:\/\/www.instagram.com\/ann.l.c\/\" title=\"\">@Ann.l.c<\/a> : Elle est enseignante en classe de PS\/MS\/GS et directrice en Bretagne. Elle partage sur son compte et sur son blog &#8220;<a href=\"https:\/\/leblogdann.com\/\" title=\"\">Le blog d&#8217;Ann<\/a>&#8221; ses id\u00e9es et sa fa\u00e7on de travailler. Adepte de la classe flexible et du travail en autonomie, elle raconte son quotidien et le travail qu&#8217;elle met en place dans sa classe. Elle pr\u00e9sente aussi de nombreux ouvrages jeunesse adapt\u00e9s au cycle 1.<\/p>\n\n\n\n<p><a href=\"https:\/\/www.instagram.com\/maitressemelanie\/\" title=\"\">@maitressem\u00e9lanie<\/a> : Maitresse de PS\/GS, elle a investi les coins jeux de sa classe en les transformant en &#8220;espaces \u00e0 sc\u00e9nario&#8221; afin de motiver ses \u00e9l\u00e8ves \u00e0 apprendre, et donner du sens \u00e0 leurs apprentissages. Elle a \u00e9crit deux ouvrages: <em>Les espaces \u00e0 sc\u00e9nario<\/em> et <em>Oser la classe dans la cour<\/em> sur la classe dehors. Ses m\u00e9thodes s&#8217;appliquent aux classes multi-niveaux en maternelle et ne n\u00e9cessitent pas d&#8217;avoir un petit effectif d&#8217;\u00e9l\u00e8ves. Pour en savoir plus vous pouvez regarder son atelier sur les espaces \u00e0 sc\u00e9narios au KED24:<\/p>\n\n\n\n<figure class=\"wp-block-embed is-type-video is-provider-youtube wp-block-embed-youtube wp-embed-aspect-16-9 wp-has-aspect-ratio\"><div class=\"wp-block-embed__wrapper\">\n<iframe loading=\"lazy\" title=\"#KED24 Maitresse M\u00e9lanie - Les espaces \u00e0 sc\u00e9nario\" width=\"1200\" height=\"675\" src=\"https:\/\/www.youtube.com\/embed\/Y7c0Glp0PkA?feature=oembed\" frameborder=\"0\" allow=\"accelerometer; autoplay; clipboard-write; encrypted-media; gyroscope; picture-in-picture; web-share\" referrerpolicy=\"strict-origin-when-cross-origin\" allowfullscreen><\/iframe>\n<\/div><\/figure>\n\n\n\n<p><a href=\"https:\/\/www.instagram.com\/1institalastation\/\" title=\"\">@1institalastation<\/a> : Enseignante en Belgique de niveaux correspondant \u00e0 TPS\/PS\/MS\/GS dans le syst\u00e8me fran\u00e7ais, Gwena\u00eblle pr\u00e9sente son travail sur Instagram et sur son blog <a href=\"https:\/\/1institalastation.be\/\" title=\"\">1institalastation<\/a>. Elle met l&#8217;accent sur l&#8217;autonomie des enfants et sur le respect de leur rythme. Elle explique son organisation de classe et ses pratiques de fa\u00e7on explicite afin de transmettre son exp\u00e9rience.<\/p>\n\n\n\n<p><a href=\"https:\/\/www.instagram.com\/fusion_teammaternelle\/\" title=\"\">@fusion_teammaternelle<\/a> : Ce compte pr\u00e9sente le travail de deux enseignantes qui ont d\u00e9cid\u00e9 de fusionner leur classe de PS\/MS et de GS. Elle pr\u00e9sente sur leur compte comment elles ont r\u00e9ussi \u00e0 mener ce projet \u00e0 bien et quels en sont le b\u00e9n\u00e9fices. Elles travaillent notamment avec la p\u00e9dagogie inspir\u00e9e de Maria Montessori des ateliers autonomes.<\/p>\n\n\n\n<h3 id=\"les-classes-multi-niveaux-en-elementaire\">Les classes multi-niveaux en \u00e9l\u00e9mentaire<\/h3>\n\n\n\n<p><a href=\"https:\/\/www.instagram.com\/maitresse_freinette\/\" title=\"\">@maitresse_freinette<\/a> : Enseignante de Cycle 2 et directrice qui s&#8217;inspire, comme son nom l&#8217;indique, de la p\u00e9dagogie Freinet. Vous retrouverez sur son compte Instagram et sur son <a href=\"https:\/\/maitresse-freinette.eklablog.com\/\" title=\"\">blog<\/a> de nombreux outils de travail pour accompagner vos \u00e9l\u00e8ves de Cycle 2.<\/p>\n\n\n\n<p><a href=\"https:\/\/www.instagram.com\/lutinbazar\" title=\"\">@lutinbazar<\/a> : Est-il encore n\u00e9cessaire de la pr\u00e9senter ? Blogueuse r\u00e9f\u00e9rence qui a accompagn\u00e9 de nombreux enseignants dans leur pratique gr\u00e2ce \u00e0 son <a href=\"https:\/\/lutinbazar.fr\/\" title=\"\">blog<\/a> et est maintenant multi \u00e9dit\u00e9e. Si vous ne la connaissez pas d\u00e9j\u00e0, ce dont je doute, n&#8217;h\u00e9sitez pas \u00e0 suivre son compte et son travail pour des conseils p\u00e9dagogiques de qualit\u00e9. Elle enseigne en CE1\/CE2.<\/p>\n\n\n\n<figure class=\"wp-block-image size-full\"><a href=\"https:\/\/lutinbazar.fr\/\"><img decoding=\"async\" loading=\"lazy\" width=\"744\" height=\"370\" src=\"https:\/\/klassroom.fr\/le-tableau\/wp-content\/uploads\/2024\/10\/logo-lutin-bazar-header.png\" alt=\"\" class=\"wp-image-7663\" srcset=\"https:\/\/klassroom.fr\/le-tableau\/wp-content\/uploads\/2024\/10\/logo-lutin-bazar-header.png 744w, https:\/\/klassroom.fr\/le-tableau\/wp-content\/uploads\/2024\/10\/logo-lutin-bazar-header-300x149.png 300w, https:\/\/klassroom.fr\/le-tableau\/wp-content\/uploads\/2024\/10\/logo-lutin-bazar-header-380x189.png 380w\" sizes=\"(max-width: 744px) 100vw, 744px\" \/><\/a><\/figure>\n\n\n\n<p>@<a href=\"https:\/\/www.instagram.com\/maitressedelaforet\/\" title=\"\">maitressedelaforet<\/a> : Enseignante en CE1, CE2, CM1, CM2 et directrice, elle partage de nombreux outils tr\u00e8s pr\u00e9cieux pour tout enseignant en classe multi-niveaux. Vous trouverez sur son <a href=\"https:\/\/maitressedelaforet.fr\/emploi-du-temps-ce-cm\/\" title=\"\">blog<\/a> aussi bien des ressources pour vous organisez comme son emploi du temps, l&#8217;organisation de ses rituels que des id\u00e9es des activit\u00e9s ou des pr\u00e9sentations de m\u00e9thodes p\u00e9dagogiques.<\/p>\n\n\n\n<p><a href=\"https:\/\/www.instagram.com\/elsa.etsaclasse\/\" title=\"\">@elsa.etsaclasse<\/a> : Enseignante en cycle 2 suite \u00e0 une fusion de classe avec <a href=\"https:\/\/www.instagram.com\/la_classe_de_maitresse_claire\/\">@la_classe_de_maitresse_claire<\/a>, elle expose sur son compte comment elle organise son travail avec sa bin\u00f4me. La fusion permet de se repartir le travail diff\u00e9remment que dans une classe traditionnelle. Ces enseignantes travaillent en classe flexible et instaurent des parcours individualis\u00e9es pour leurs \u00e9l\u00e8ves.<\/p>\n\n\n\n<p>Si vous avez d&#8217;autres recommandations n&#8217;h\u00e9sitez pas \u00e0 les faire en commentaires !<\/p>\n","protected":false},"excerpt":{"rendered":"Les blogs et comptes Instagram fleurissent sur internet. Certains sont suivis par des centaines de milliers de personnes&hellip;\n","protected":false},"author":13,"featured_media":7813,"comment_status":"open","ping_status":"open","sticky":false,"template":"","format":"standard","meta":{"om_disable_all_campaigns":false,"_mi_skip_tracking":false},"categories":[133],"tags":[],"aioseo_notices":[],"_links":{"self":[{"href":"https:\/\/klassroom.fr\/le-tableau\/wp-json\/wp\/v2\/posts\/7653"}],"collection":[{"href":"https:\/\/klassroom.fr\/le-tableau\/wp-json\/wp\/v2\/posts"}],"about":[{"href":"https:\/\/klassroom.fr\/le-tableau\/wp-json\/wp\/v2\/types\/post"}],"author":[{"embeddable":true,"href":"https:\/\/klassroom.fr\/le-tableau\/wp-json\/wp\/v2\/users\/13"}],"replies":[{"embeddable":true,"href":"https:\/\/klassroom.fr\/le-tableau\/wp-json\/wp\/v2\/comments?post=7653"}],"version-history":[{"count":2,"href":"https:\/\/klassroom.fr\/le-tableau\/wp-json\/wp\/v2\/posts\/7653\/revisions"}],"predecessor-version":[{"id":7703,"href":"https:\/\/klassroom.fr\/le-tableau\/wp-json\/wp\/v2\/posts\/7653\/revisions\/7703"}],"wp:featuredmedia":[{"embeddable":true,"href":"https:\/\/klassroom.fr\/le-tableau\/wp-json\/wp\/v2\/media\/7813"}],"wp:attachment":[{"href":"https:\/\/klassroom.fr\/le-tableau\/wp-json\/wp\/v2\/media?parent=7653"}],"wp:term":[{"taxonomy":"category","embeddable":true,"href":"https:\/\/klassroom.fr\/le-tableau\/wp-json\/wp\/v2\/categories?post=7653"},{"taxonomy":"post_tag","embeddable":true,"href":"https:\/\/klassroom.fr\/le-tableau\/wp-json\/wp\/v2\/tags?post=7653"}],"curies":[{"name":"wp","href":"https:\/\/api.w.org\/{rel}","templated":true}]}}