{"id":6923,"date":"2024-04-04T11:55:13","date_gmt":"2024-04-04T11:55:13","guid":{"rendered":"https:\/\/klassroom.fr\/le-tableau\/?p=6923"},"modified":"2025-01-07T09:31:06","modified_gmt":"2025-01-07T09:31:06","slug":"qui-est-derriere-la-taniere-de-kyban","status":"publish","type":"post","link":"https:\/\/klassroom.fr\/le-tableau\/2024\/04\/04\/qui-est-derriere-la-taniere-de-kyban\/","title":{"rendered":"Qui est derri\u00e8re La tani\u00e8re de Kyban ?"},"content":{"rendered":"\n<p>Si vous \u00eates professeur des \u00e9coles, il y a de fortes chances que vous connaissiez&nbsp;<a href=\"https:\/\/taniere-de-kyban.fr\/\">La Tani\u00e8re de Kyban<\/a>. Suivie par plus de 25 000 personnes sur Instagram, c&#8217;est Charl\u00e8ne enseignante en CM2 qui alimente ce blog depuis plusieurs ann\u00e9es. Elle est aussi l&#8217;auteure de plusieurs ouvrages p\u00e9dagogiques (&#8220;R\u00e9ussir en Conjugaison&#8221;, &#8220;Un cadre serein dans sa classe \u00e7a se construit&#8221; et &#8220;l&#8217;Odyss\u00e9e d&#8217;Izia&#8221;). Vous l\u2019avez compris, Charl\u00e8ne a de nombreuses r\u00e9alisations \u00e0 son actif. On la rencontre aujourd\u2019hui pour la conna\u00eetre un peu mieux et d\u00e9couvrir son parcours, sa vision du m\u00e9tier et plus encore\u2026<\/p>\n\n\n\n<h4 id=\"bonjour-charlene-est-ce-que-tu-peux-te-presenter\">Bonjour Charl\u00e8ne, est-ce que tu peux te pr\u00e9senter ?<\/h4>\n\n\n\n<p>Je m\u2019appelle Charl\u00e8ne, j\u2019enseigne depuis une dizaine d\u2019ann\u00e9es essentiellement en REP et en zone violence. J\u2019ai commenc\u00e9 ma carri\u00e8re en gal\u00e9rant beaucoup. Notamment sur les questions de gestion de classe. Tu peux faire de tr\u00e8s belles fiches de pr\u00e9paration, en g\u00e9n\u00e9ral \u00e7a ne se passe jamais comme pr\u00e9vu quand tu enseignes. Et en zone violence encore plus qu\u2019ailleurs. \u00c7a m\u2019a pouss\u00e9e \u00e0 beaucoup r\u00e9fl\u00e9chir et \u00e0 essayer de trouver des solutions. C\u2019est un peu mon identit\u00e9 de prof d\u2019ailleurs, je r\u00e9fl\u00e9chis beaucoup, tout le temps, je me questionne sur ma pratique. <\/p>\n\n\n\n<p>Pour le blog, depuis petite fille, j\u2019ai toujours eu des blogs. J\u2019avais un skyblog d\u00e9j\u00e0 (rires), j\u2019ai aussi fait partie d\u2019une communaut\u00e9 qui s\u2019appelait Vox. C\u2019\u00e9tait un peu les d\u00e9buts de l\u2019influence au final. J\u2019enseignais depuis 3\/4 ans et je commen\u00e7ais \u00e0 prendre confiance en moi. J\u2019avais l\u2019habitude de faire des sites internet puisque j\u2019ai financ\u00e9 mon master en montant une entreprise de webdesign. J\u2019aime vraiment faire \u00e7a. Donc j\u2019ai combin\u00e9 un peu tout \u00e7a. Je pensais faire un blog dans mon petit coin comme les pr\u00e9c\u00e9dents. Et en fait non, \u00e7a a d\u00e9coll\u00e9 assez vite. Au bout d\u2019un mois, c\u2019\u00e9tait d\u00e9j\u00e0 un peu connu. C\u2019\u00e9tait chouette mais j\u2019avais beaucoup de questions et souvent les m\u00eames, notamment sur la gestion de classe. Donc \u00e7a a aussi imprim\u00e9 l\u2019identit\u00e9 de mon blog. J\u2019ai essay\u00e9 de faire des articles de fond avec des conseils pour les jeunes enseignants. Moi-m\u00eame je n&#8217;\u00e9tais pas tr\u00e8s vieille dans le m\u00e9tier mais je partageais le fruit de mes r\u00e9flexions, les ouvrages que j\u2019avais lus. J\u2019aime \u00e7a mais \u00e0 la naissance de ma fille j\u2019ai beaucoup ralenti. Parce que ben\u2026 J\u2019avais plus de temps libre (rires).<\/p>\n\n\n\n<p>Les livres c\u2019est pareil, \u00e7a s\u2019est fait un peu tout seul. J\u2019ai \u00e9t\u00e9 contact\u00e9e par plusieurs maisons d\u2019\u00e9dition. Je ne me sens pas toujours l\u00e9gitime mais je me force un peu, je me dis: \u201callez sors de ta zone de confort\u201d. Au final, j\u2019ai l\u2019impression que les gens aiment plut\u00f4t ce que j\u2019\u00e9cris donc je continue.<\/p>\n\n\n\n<figure class=\"wp-block-image size-full\"><img decoding=\"async\" loading=\"lazy\" width=\"968\" height=\"592\" src=\"https:\/\/klassroom.fr\/le-tableau\/wp-content\/uploads\/2024\/04\/image.png\" alt=\"\" class=\"wp-image-6933\" srcset=\"https:\/\/klassroom.fr\/le-tableau\/wp-content\/uploads\/2024\/04\/image.png 968w, https:\/\/klassroom.fr\/le-tableau\/wp-content\/uploads\/2024\/04\/image-300x183.png 300w, https:\/\/klassroom.fr\/le-tableau\/wp-content\/uploads\/2024\/04\/image-768x470.png 768w, https:\/\/klassroom.fr\/le-tableau\/wp-content\/uploads\/2024\/04\/image-380x232.png 380w, https:\/\/klassroom.fr\/le-tableau\/wp-content\/uploads\/2024\/04\/image-800x489.png 800w\" sizes=\"(max-width: 968px) 100vw, 968px\" \/><figcaption class=\"wp-element-caption\">Charl\u00e8ne de La Tani\u00e8re de Kyban pr\u00e9sentant un atelier au KED23.<\/figcaption><\/figure>\n\n\n\n<h4 id=\"mais-a-lorigine-quest-ce-qui-ta-poussee-vers-ce-metier\">Mais \u00e0 l\u2019origine, qu\u2019est-ce qui t\u2019a pouss\u00e9e vers ce m\u00e9tier ?<\/h4>\n\n\n\n<p>\u00c7a remonte \u00e0 trop loin pour que je me souvienne\u2026<\/p>\n\n\n\n<h4 id=\"cetait-vraiment-une-vocation\">C\u2019\u00e9tait vraiment une vocation ?<\/h4>\n\n\n\n<p>En fait j\u2019avais un peu une vie pourrie petite donc l\u2019\u00e9cole c\u2019\u00e9tait vraiment une bulle. Un endroit o\u00f9 j\u2019\u00e9tais bien, en tous cas dans mon rapport aux adultes. J\u2019ai toujours beaucoup aim\u00e9 l\u2019\u00e9cole. Toute petite, je voulais \u00eatre polici\u00e8re \u00e0 moto puis en grandissant styliste ou orthophoniste mais j\u2019avais pas forc\u00e9ment les moyens de faire ces \u00e9tudes l\u00e0. Donc je suis rest\u00e9e sur prof qui a toujours \u00e9t\u00e9 quelque part dans ma t\u00eate. Mais la vocation, elle prend cher. Je l\u2019ai encore mais elle se confronte \u00e0 la r\u00e9alit\u00e9 du m\u00e9tier et parfois j\u2019ai envie de partir pour sauver ma peau. Pour l\u2019instant je trouve encore l\u2019\u00e9quilibre m\u00eame si je reste vigilante parce que le burn out n\u2019est jamais loin. D\u2019avoir eu un enfant \u00e7a remet aussi les priorit\u00e9s dans l\u2019ordre.<\/p>\n\n\n\n<h4 id=\"ca-tas-donne-du-recul-sur-ta-facon-dexercer\">\u00c7a t\u2019as donn\u00e9 du recul sur ta fa\u00e7on d\u2019exercer ?<\/h4>\n\n\n\n<p>Disons qu\u2019il faut que tu t\u2019occupes de ton enfant. Puis si tu l\u2019oublies, il se rappelle \u00e0 toi (rires).<\/p>\n\n\n\n<h4 id=\"on-en-a-deja-un-peu-parle-mais-quel-etait-ton-rapport-a-lecole-enfant\">On en a d\u00e9j\u00e0 un peu parl\u00e9 mais quel \u00e9tait ton rapport \u00e0 l\u2019\u00e9cole enfant ?<\/h4>\n\n\n\n<p>J\u2019ai quelques souvenirs vagues de professeurs que j\u2019aimais bien mais je me rappelle surtout que je me mettais \u00e9norm\u00e9ment la pression. Enfin mes parents me mettaient \u00e9norm\u00e9ment la pression, si j\u2019avais un B \u00e7a se passait pas bien \u00e0 la maison. Mais m\u00eame au-del\u00e0 de la menace qui planait si la maitresse me disait que je me trompais, je me cachais dans mon cartable pour pleurer. Un rapport \u00e0 l\u2019\u00e9chec un peu compliqu\u00e9 donc (rires). Heureusement j\u2019\u00e9tais plut\u00f4t bonne \u00e9l\u00e8ve donc ce n&#8217;\u00e9tait pas trop souvent. J\u2019adorais vraiment apprendre.<\/p>\n\n\n\n<h4 id=\"est-ce-que-ce-rapport-que-tu-as-eu-a-lecole-cette-pression-que-tu-as-ressentie-enfant-influence-aujourdhui-ta-facon-denseigner\">Est-ce que ce rapport que tu as eu \u00e0 l\u2019\u00e9cole, cette pression que tu as ressentie enfant influence aujourd\u2019hui ta fa\u00e7on d\u2019enseigner ?<\/h4>\n\n\n\n<p>Si c\u2019est le cas c\u2019est de mani\u00e8re vraiment inconsciente. Les profs que j\u2019appr\u00e9ciais petite \u00e9tait ceux qui \u00e9taient bienveillants, vraiment dans l\u2019empathie. Mais ce n\u2019est pas du tout la professeur que j\u2019\u00e9tais quand j\u2019ai d\u00e9but\u00e9. J\u2019avis pris de plein fouet les injonctions d\u2019autorit\u00e9 mais \u00e7a ne marche pas du tout. Non seulement \u00e7a ne me ressemblait pas mais en plus \u00e7a ne fonctionne pas.<\/p>\n\n\n\n<h4 id=\"pourquoi-penses-tu-avoir-aborder-le-metier-de-cette-facon-a-cause-de-ta-formation-dune-image-projetee\">Pourquoi penses-tu avoir aborder le m\u00e9tier de cette fa\u00e7on ? A cause de ta formation ? D\u2019une image projet\u00e9e ?<\/h4>\n\n\n\n<p>Ma formation oui et puis socialement. Le discours ambiant c\u2019est \u201cah l\u2019\u00e9cole c\u2019\u00e9tait mieux avant, les profs ils \u00e9taient respect\u00e9s\u201d. Donc tu te dis ok je vais y aller franco pour me faire respecter. Mais c\u2019est pas comme \u00e7a qu\u2019on se fait respecter.<\/p>\n\n\n\n<h4 id=\"est-ce-que-cetait-aussi-dicte-par-la-peur\">Est-ce que c\u2019\u00e9tait aussi dict\u00e9 par la peur ?<\/h4>\n\n\n\n<p>Non au contraire je pense que je n\u2019avais pas assez peur. J\u2019ai toujours bien r\u00e9ussi \u00e0 l\u2019\u00e9cole puis \u00e0 la fac j\u2019avais pas de raison de m\u2019inqui\u00e9ter mais la r\u00e9alit\u00e9 m\u2019a vite rattrap\u00e9e. En formation on te dit, si vous les mettez au travail et en apprentissage, vous verrez ils seront passionn\u00e9s et tout ira bien. Puis tu fais tes stages dans des classes de profs exp\u00e9riment\u00e9s qui g\u00e8rent leur classe donc tout va bien. Mais quand toi la premi\u00e8re semaine tu te retrouves face \u00e0 un \u00e9l\u00e8ve qui te balance des insultes, c\u2019est tr\u00e8s d\u00e9stabilisant. On fait vraiment pas assez de pratique accompagn\u00e9e en d\u00e9but de carri\u00e8re.<\/p>\n\n\n\n<h4 id=\"alors-tu-as-remis-en-question-ta-pratique-et-tu-as-change-de-cap\">Alors tu as remis en question ta pratique et tu as chang\u00e9 de cap ?<\/h4>\n\n\n\n<p>Oui totalement, j\u2019ai compris que ces enfants ce dont ils avaient besoin c\u2019est d\u2019un endroit o\u00f9 ils sont en s\u00e9curit\u00e9 physique et affective. Ce que j\u2019avais re\u00e7u moi enfant \u00e0 l\u2019\u00e9cole aussi. Je suis all\u00e9e compl\u00e8tement \u00e0 l\u2019inverse des recommandations qu\u2019on a pu me faire de part et d\u2019autres. Je me suis vraiment interrog\u00e9e et j\u2019ai fait beaucoup de recherches par moi-m\u00eame.<\/p>\n\n\n\n<h4 id=\"est-ce-quil-y-a-des-moments-magiques-ou-tu-te-sens-vraiment-a-ta-place-dans-ce-metier\">Est-ce qu\u2019il y a des moments \u201cmagiques\u201d o\u00f9 tu te sens vraiment \u00e0 ta place dans ce m\u00e9tier ?<\/h4>\n\n\n\n<p>C\u2019est difficile \u00e0 dire parce qu\u2019il y en a tout le temps. Quand tu as des \u00e9l\u00e8ves avec des grandes difficult\u00e9s, tu as \u00e9norm\u00e9ment de petites victoires. Cette ann\u00e9e ma fiert\u00e9 c\u2019est que j\u2019avais deux \u00e9l\u00e8ves qui lisaient 20 mots par minute. On avait fait tous les dossiers pour les ULIS (unit\u00e9 localis\u00e9e pour l\u2019inclusion scolaire ndrl). Et en fait trois mois plus tard on a fait des tests pour les dossiers et finalement on s\u2019est rendu compte qu\u2019ils avaient le niveau pour aller en SEGPA. Ce sont des enfants qui ont de grosses difficult\u00e9s depuis de nombreuses ann\u00e9es et pourtant ils gardent la p\u00eache, ils font le travail et c\u2019est payant. Ils ont \u00e9norm\u00e9ment progress\u00e9 et je sais que c\u2019est aussi gr\u00e2ce \u00e0 moi. Il ne faut jamais d\u00e9sesp\u00e9rer.<\/p>\n\n\n\n<figure class=\"wp-block-image size-large\"><img decoding=\"async\" loading=\"lazy\" width=\"1024\" height=\"1004\" src=\"https:\/\/klassroom.fr\/le-tableau\/wp-content\/uploads\/2024\/04\/image-1-1024x1004.png\" alt=\"\" class=\"wp-image-6943\" srcset=\"https:\/\/klassroom.fr\/le-tableau\/wp-content\/uploads\/2024\/04\/image-1-1024x1004.png 1024w, https:\/\/klassroom.fr\/le-tableau\/wp-content\/uploads\/2024\/04\/image-1-300x294.png 300w, https:\/\/klassroom.fr\/le-tableau\/wp-content\/uploads\/2024\/04\/image-1-768x753.png 768w, https:\/\/klassroom.fr\/le-tableau\/wp-content\/uploads\/2024\/04\/image-1-380x372.png 380w, https:\/\/klassroom.fr\/le-tableau\/wp-content\/uploads\/2024\/04\/image-1-800x784.png 800w, https:\/\/klassroom.fr\/le-tableau\/wp-content\/uploads\/2024\/04\/image-1-1160x1137.png 1160w, https:\/\/klassroom.fr\/le-tableau\/wp-content\/uploads\/2024\/04\/image-1.png 1404w\" sizes=\"(max-width: 1024px) 100vw, 1024px\" \/><figcaption class=\"wp-element-caption\">Outils \u00e0 destination des enseignants \u00e0 retrouver sur le blog.<\/figcaption><\/figure>\n\n\n\n<h4 id=\"et-des-moments-de-solitude\">Et des moments de solitude ?<\/h4>\n\n\n\n<p>Ah \u00e7a c\u2019est pareil j\u2019en ai tous les jours. C\u2019est ann\u00e9e j\u2019ai une classe vraiment calme mais quand je donnais les consignes il n\u2019y a rien qui passait. Je comprenais pas trop, je les ai interrog\u00e9s. Je leur ai demand\u00e9 \u201cmais vous faites quoi quand je donne les consignes\u201d ils m\u2019ont r\u00e9pondu \u201cil faut croiser les bras\u201d \u201cil ne faut pas jouer avec son mat\u00e9riel\u201d \u201c il ne faut pas dormir\u201d, ils \u00e9taient focalis\u00e9s sur la forme \u201c\u00eatre sage\u201d et pas du tout sur la compr\u00e9hension. <\/p>\n\n\n\n<p>Donc on a boss\u00e9 dur sur la compr\u00e9hension, sur tout ce qu\u2019on peut faire, le petit film dans la t\u00eate et tout \u00e7a mais \u00e7a a \u00e9t\u00e9 difficile au d\u00e9but. Et malgr\u00e9 tout \u00e7a parfois je me demande pourquoi je suis venue car rien ne passe. Puis magie, trois mois plus tard tu te rends compte qu\u2019ils ont tout int\u00e9gr\u00e9.<\/p>\n\n\n\n<h4 id=\"quest-ce-que-tu-aimes-et-detestes-enseigner\">Qu\u2019est ce que tu aimes et d\u00e9testes enseigner ?<\/h4>\n\n\n\n<p>J\u2019aime vraiment tout enseigner sauf la g\u00e9ographie. J\u2019ai vraiment du mal \u00e0 mettre du sens derri\u00e8re le programme de g\u00e9ographie. J\u2019ai l\u2019impression que les concepts sont trop compliqu\u00e9 pour eux. Hormis le d\u00e9veloppement durable, je ne prends pas vraiment de plaisir. Je n\u2019ai pas encore trouv\u00e9 comment emmener mes \u00e9l\u00e8ves l\u00e0 o\u00f9 ils sont cens\u00e9s aller.<\/p>\n\n\n\n<h4 id=\"est-ce-que-tu-as-deja-eu-des-eleves-auxquels-tu-tes-identifiee\">Est-ce que tu as d\u00e9j\u00e0 eu des \u00e9l\u00e8ves auxquels tu t\u2019es identifi\u00e9e ?<\/h4>\n\n\n\n<p>Oui il y a deux ans j\u2019ai eu une \u00e9l\u00e8ve qui me faisait beaucoup penser \u00e0 moi enfant. Elle \u00e9tait plus extravertie mais elle avait toujours beaucoup de choses \u00e0 dire. \u00c7a fusait dans sa t\u00eate. Et elle avait un petit c\u00f4t\u00e9 \u201cgar\u00e7on manqu\u00e9\u201d comme moi plus petite.<\/p>\n\n\n\n<h4 id=\"moi-aussi-on-sest-beaucoup-moque-de-moi-a-lecole-primaire-car-javais-les-cheveux-courts\">Moi aussi on s\u2019est beaucoup moqu\u00e9 de moi \u00e0 l\u2019\u00e9cole primaire car j\u2019avais les cheveux courts.<\/h4>\n\n\n\n<p>J\u2019avais les cheveux longs mais j\u2019aimais jouer au foot, courir, jouer au loup\u2026<\/p>\n\n\n\n<h4 id=\"comme-beaucoup-de-petites-filles-finalement\">Comme beaucoup de petites filles finalement.<\/h4>\n\n\n\n<p>Oui comme beaucoup de petites filles si tant est qu\u2019on les laisse faire.<\/p>\n\n\n\n<h4 id=\"si-demain-tu-devenais-ministre-de-leducation-nationale-quel-serait-ta-premiere-mesure\">Si demain tu devenais ministre de l\u2019\u00e9ducation nationale, quel serait ta premi\u00e8re mesure ?<\/h4>\n\n\n\n<p>R\u00e9duire les effectifs. Je trouve que c\u2019est ce qui rend notre m\u00e9tier difficile, ce qui fait qu\u2019on est d\u00e9bord\u00e9. On nous rajoute des missions et des missions et des papiers et des machins et des trucs, \u00e7a devient un m\u00e9tier impossible. De r\u00e9duire les effectifs \u00e7a permettrait de mettre un peu d\u2019air. Les enseignants auraient l\u2019\u00e9nergie de faire leur m\u00e9tier correctement. On pourrait beaucoup plus personnaliser les apprentissages, s\u2019auto-former tout au long de l\u2019ann\u00e9e. Ce n\u2019est malheureusement pas ce vers quoi on tend mais je crois que \u00e7a aiderait beaucoup.<\/p>\n\n\n\n<p>Il faudrait aussi plus professionnaliser les AESH. Il faut que ce soit un m\u00e9tier avec une r\u00e9elle formation, c\u2019est un r\u00f4le important.<\/p>\n\n\n\n<p>Puis augmenter les salaires aussi pour pouvoir mieux recruter. Ce ne serait pas vol\u00e9.<\/p>\n\n\n\n<p>Retrouvez Charl\u00e8ne sur son blog&nbsp;<a href=\"https:\/\/taniere-de-kyban.fr\/\">La tani\u00e8re de Kyban<\/a>&nbsp;ou sur&nbsp;<a href=\"https:\/\/www.instagram.com\/taniere.de.kyban\/\">Instagram<\/a>.<\/p>\n","protected":false},"excerpt":{"rendered":"Si vous \u00eates professeur des \u00e9coles, il y a de fortes chances que vous connaissiez&nbsp;La Tani\u00e8re de Kyban.&hellip;\n","protected":false},"author":13,"featured_media":6973,"comment_status":"open","ping_status":"open","sticky":false,"template":"","format":"standard","meta":{"om_disable_all_campaigns":false,"_mi_skip_tracking":false},"categories":[163],"tags":[],"aioseo_notices":[],"_links":{"self":[{"href":"https:\/\/klassroom.fr\/le-tableau\/wp-json\/wp\/v2\/posts\/6923"}],"collection":[{"href":"https:\/\/klassroom.fr\/le-tableau\/wp-json\/wp\/v2\/posts"}],"about":[{"href":"https:\/\/klassroom.fr\/le-tableau\/wp-json\/wp\/v2\/types\/post"}],"author":[{"embeddable":true,"href":"https:\/\/klassroom.fr\/le-tableau\/wp-json\/wp\/v2\/users\/13"}],"replies":[{"embeddable":true,"href":"https:\/\/klassroom.fr\/le-tableau\/wp-json\/wp\/v2\/comments?post=6923"}],"version-history":[{"count":3,"href":"https:\/\/klassroom.fr\/le-tableau\/wp-json\/wp\/v2\/posts\/6923\/revisions"}],"predecessor-version":[{"id":7963,"href":"https:\/\/klassroom.fr\/le-tableau\/wp-json\/wp\/v2\/posts\/6923\/revisions\/7963"}],"wp:featuredmedia":[{"embeddable":true,"href":"https:\/\/klassroom.fr\/le-tableau\/wp-json\/wp\/v2\/media\/6973"}],"wp:attachment":[{"href":"https:\/\/klassroom.fr\/le-tableau\/wp-json\/wp\/v2\/media?parent=6923"}],"wp:term":[{"taxonomy":"category","embeddable":true,"href":"https:\/\/klassroom.fr\/le-tableau\/wp-json\/wp\/v2\/categories?post=6923"},{"taxonomy":"post_tag","embeddable":true,"href":"https:\/\/klassroom.fr\/le-tableau\/wp-json\/wp\/v2\/tags?post=6923"}],"curies":[{"name":"wp","href":"https:\/\/api.w.org\/{rel}","templated":true}]}}