{"id":6533,"date":"2023-11-24T17:05:26","date_gmt":"2023-11-24T17:05:26","guid":{"rendered":"https:\/\/klassroom.fr\/blog\/?p=6533"},"modified":"2023-11-27T10:36:45","modified_gmt":"2023-11-27T10:36:45","slug":"comment-cest-chez-eux-la-suede","status":"publish","type":"post","link":"https:\/\/klassroom.fr\/le-tableau\/2023\/11\/24\/comment-cest-chez-eux-la-suede\/","title":{"rendered":"Comment c&#8217;est chez eux: la Su\u00e8de"},"content":{"rendered":"\n<p>On vous emm\u00e8ne d\u00e9couvrir le syst\u00e8me scolaire su\u00e9dois. Cours d\u2019empathie, repas chauds gratuits pour tous, fin des cours \u00e0 13h30, quels en sont les sp\u00e9cialit\u00e9s ? Rythme scolaire, formation des enseignants, salaire, bien-\u00eatre \u00e0 l\u2019\u00e9cole, on vous raconte tout.<\/p>\n\n\n\n<h3 id=\"le-systeme-scolaire-et-la-duree-de-la-scolarite\">Le syst\u00e8me scolaire et la dur\u00e9e de la scolarit\u00e9<\/h3>\n\n\n\n<p>Le syst\u00e8me scolaire su\u00e9dois est un syst\u00e8me scolaire d\u00e9centralis\u00e9 o\u00f9 la responsabilit\u00e9 des \u00e9coles, coll\u00e8ges et lyc\u00e9e revient aux communes. Cependant le gouvernement met en place des objectifs et des programmes communs \u00e0 tous les \u00e9tablissements. Si les objectifs sont communs, les \u00e9tablissements scolaires ont une grande libert\u00e9 dans les m\u00e9thodes d\u2019enseignement et d\u2019\u00e9valuation. La collaboration entre les enseignants est encourag\u00e9e. La scolarit\u00e9 est gratuite. Elle est obligatoire de 6 \u00e0 16 ans.\u00a0<strong>84% des enfants su\u00e9dois sont scolaris\u00e9s dans des \u00e9tablissements publics.<\/strong><\/p>\n\n\n\n<p>Voici comment se d\u00e9roule la scolarit\u00e9 su\u00e9doise:<\/p>\n\n\n\n<p><strong>F\u00f6rskola<\/strong>&nbsp;pour les enfants de 1 \u00e0 6 ans. Elle n\u2019est pas obligatoire. Organis\u00e9e par les mairies, comme les cr\u00e8ches municipales en France, elle est gratuite pour les 525 premi\u00e8res heures par an. Bien que n\u2019\u00e9tant pas obligatoire, en 2019, 85,4% des enfants entre 1 et 6 ans fr\u00e9quentaient une f\u00f6rskola. A quatre ans, ils sont 94% et \u00e0 5\/6ans 95,3%.<\/p>\n\n\n\n<p><strong>F\u00f6rskoleklass<\/strong>&nbsp;pour les enfants dans l\u2019ann\u00e9e de leur six ans. Elle est obligatoire et gratuite seulement depuis 2018. Elles sont g\u00e9n\u00e9ralement dans les m\u00eames \u00e9tablissements que l\u2019\u00e9cole qu\u2019ils fr\u00e9quenteront par la suite.<\/p>\n\n\n\n<p><strong>Grundskola<\/strong>&nbsp;pour les enfants de 7 \u00e0 16 ans. Divis\u00e9e en trois cycles, le lagstadiet de classe 1 \u00e0 3 (7 \u00e0 10ans), le mellanstadiet de classe 4 \u00e0 6 (de 10 \u00e0 13ans), le h\u00f6gstadiet de classe 7 \u00e0 9 (de 13 \u00e0 16ans).<\/p>\n\n\n\n<p><strong>Gymnasieskola<\/strong>&nbsp;de 16 \u00e0 19 ans, l\u2019\u00e9quivalent du lyc\u00e9e, qui est non obligatoire.<\/p>\n\n\n\n<h3 id=\"quelle-formation-est-necessaire-en-suede-pour-devenir-professeur-de-primaire\">Quelle formation est n\u00e9cessaire en Su\u00e8de pour devenir professeur de primaire ?<\/h3>\n\n\n\n<p>Les enseignants su\u00e9dois doivent avoir une formation universitaire sp\u00e9cifique. Il existe un \u201cdegree\u201d sp\u00e9cialis\u00e9 soit en \u201c\u00e9ducation pr\u00e9scolaire\u201d soit en \u201c\u00e9ducation en \u00e9cole primaire\u201d qui comprend trois sp\u00e9cialisations en fonction des niveaux de classe. Un \u201cdegree\u201d dure en g\u00e9n\u00e9ral trois ans mais peut-\u00eatre rallong\u00e9 d\u2019un an demi pour devenir enseignant pour les enfants \u00e0 besoins particuliers.<\/p>\n\n\n\n<p>Un fois dipl\u00f4m\u00e9, il faut que les professeurs obtiennent une certification pour pouvoir enseigner dans les \u00e9coles.<\/p>\n\n\n\n<p><strong>Comme dans beaucoup de pays occidentaux, la Su\u00e8de fait face \u00e0 une p\u00e9nurie d\u2019enseignants et a du mal \u00e0 recruter<\/strong>. La Su\u00e8de estime devoir recruter 50% de professeurs dipl\u00f4m\u00e9s suppl\u00e9mentaires d\u2019ici 2035. Les causes de cette p\u00e9nurie sont d\u2019une part la pyramide des \u00e2ges des enseignants su\u00e9dois, beaucoup d\u2019enseignants partent \u00e0 la retraite mais trop peu de jeunes professeurs viennent prendre leur rel\u00e8ve. Mais aussi la d\u00e9gradation des conditions de travail: rallongement de la dur\u00e9e de travail, manque de rempla\u00e7ants, surplus de travail d\u00fb \u00e0 de nombreuses r\u00e9formes en peu de temps. \u00c7a vous rappelle peut-\u00eatre quelque chose\u2026<\/p>\n\n\n\n<h3 id=\"organisation-du-temps-de-travail\">Organisation du temps de travail<\/h3>\n\n\n\n<p>Les \u00e9l\u00e8ves su\u00e9dois font leur rentr\u00e9e scolaire mi-ao\u00fbt et l\u2019ann\u00e9e dure jusqu\u2019\u00e0 d\u00e9but juin. Les cong\u00e9s d&#8217;\u00e9t\u00e9 durent environ deux mois. \u00c0 ces vacances s\u2019ajoutent une semaine de vacances en automne, deux semaines pour les f\u00eates de fin d\u2019ann\u00e9e, une semaine en f\u00e9vrier et une semaine en avril.<\/p>\n\n\n\n<p><strong>Mais si les enfants su\u00e9dois ont moins de vacances, ils ont, au global, moins d\u2019heures de classe par an que les \u00e9l\u00e8ves fran\u00e7ais<\/strong>. En effet, les journ\u00e9es d\u2019\u00e9cole en Su\u00e8de sont beaucoup plus courtes qu\u2019en France. Les enfants ont en g\u00e9n\u00e9ral classe de 8h30 \u00e0 13h30 jusqu\u2019\u00e0 10 ans. Ensuite ils rentrent chez eux ou vont \u00e0 la garderie. La soci\u00e9t\u00e9 su\u00e9doise porte beaucoup d\u2019importance \u00e0 la cellule familiale. Le monde du travail est organis\u00e9 autour des enfants. Ainsi les parents finissent souvent le travail autour de 15h.<\/p>\n\n\n\n<figure class=\"wp-block-image size-large\"><img decoding=\"async\" loading=\"lazy\" width=\"1024\" height=\"682\" src=\"https:\/\/klassroom.fr\/le-tableau\/wp-content\/uploads\/2023\/11\/image-1-1024x682.jpeg\" alt=\"\" class=\"wp-image-6543\" srcset=\"https:\/\/klassroom.fr\/le-tableau\/wp-content\/uploads\/2023\/11\/image-1-1024x682.jpeg 1024w, https:\/\/klassroom.fr\/le-tableau\/wp-content\/uploads\/2023\/11\/image-1-300x200.jpeg 300w, https:\/\/klassroom.fr\/le-tableau\/wp-content\/uploads\/2023\/11\/image-1-768x512.jpeg 768w, https:\/\/klassroom.fr\/le-tableau\/wp-content\/uploads\/2023\/11\/image-1-380x253.jpeg 380w, https:\/\/klassroom.fr\/le-tableau\/wp-content\/uploads\/2023\/11\/image-1-800x533.jpeg 800w, https:\/\/klassroom.fr\/le-tableau\/wp-content\/uploads\/2023\/11\/image-1-1160x773.jpeg 1160w, https:\/\/klassroom.fr\/le-tableau\/wp-content\/uploads\/2023\/11\/image-1.jpeg 1280w\" sizes=\"(max-width: 1024px) 100vw, 1024px\" \/><\/figure>\n\n\n\n<h3 id=\"effectifs\">Effectifs<\/h3>\n\n\n\n<p>La taille moyenne des classes de primaire en Su\u00e8de est de 20,4 \u00e9l\u00e8ves par classe. Elle est de 22,3 \u00e9l\u00e8ves par classe en France. La moyenne dans les pays de l\u2019OCDE est de 21,1 \u00e9l\u00e8ves par classe.<\/p>\n\n\n\n<h3 id=\"salaire\">Salaire<\/h3>\n\n\n\n<p>En 2021, selon les donn\u00e9es de l\u2019OCDE, les enseignants de primaire avec 15 ans d\u2019exp\u00e9rience gagnait en moyenne 49 583 dollars par an contre 40 043 en France.<\/p>\n\n\n\n<h3 id=\"bien-etre-des-eleves-et-des-enseignants\">Bien-\u00eatre des \u00e9l\u00e8ves et des enseignants<\/h3>\n\n\n\n<p>Le bien-\u00eatre des enfants est tr\u00e8s important en Su\u00e8de. Les classes ont en g\u00e9n\u00e9ral deux enseignants qui travaillent ensemble afin de venir en aide aux enfants \u00e0 besoins particuliers plus facilement et personnaliser au mieux les enseignements.<\/p>\n\n\n\n<p>Par ailleurs les apprentissages sont plus diversifi\u00e9s qu\u2019en France dans les petites classes. Les \u00e9l\u00e8ves su\u00e9dois \u00e9tudient \u00e9videmment le su\u00e9dois, les math\u00e9matiques, la d\u00e9couverte du monde puis plus tard l\u2019histoire et les sciences. Ils ont aussi des enseignements beaucoup plus pratiques comme le sport, la musique mais aussi le bricolage. Ils passent aussi beaucoup de temps en ext\u00e9rieur notamment lors de sorties en for\u00eat par tous les temps. Les \u00e9l\u00e8ves \u00e9trangers ont des cours de su\u00e9dois renforc\u00e9s mais aussi des cours dans leur langue d&#8217;origine.<\/p>\n\n\n\n<p>Les \u00e9l\u00e8ves su\u00e9dois ont une heure de cours d\u2019empathie par semaine. Le but de ces cours est d\u2019y apprendre \u00e0 se respecter soi-m\u00eame et les autres et \u00e0 exprimer ses \u00e9motions et comprendre celles des autres.<\/p>\n\n\n\n<p><a href=\"https:\/\/www.ouest-france.fr\/education\/des-cours-dempathie-a-lecole-quatre-questions-sur-cette-mesure-evoquee-par-gabriel-attal-f6930be2-56b9-11ee-9d29-9605adba5036\">Dans son plan de lutte contre le harc\u00e8lement le ministre de l\u2019\u00e9ducation nationale Gabriel Attal a \u00e9voqu\u00e9 la possibilit\u00e9 de mettre cette mesure en place<\/a>.<\/p>\n\n\n\n<p>Malgr\u00e9 tout, les indices de bien-\u00eatre et d\u2019exposition au harc\u00e8lement de Pisa 2018 sont quasiment identiques en France et en Su\u00e8de.<\/p>\n\n\n\n<p>Les \u00e9coles su\u00e9doises ont aussi pour obligation de fournir des repas chauds gratuits \u00e0 tous les \u00e9l\u00e8ves. Les \u00e9tudes ont montr\u00e9 que la mise en place de cette pratique avait eu un impact tr\u00e8s positif sur les \u00e9l\u00e8ves aussi bien dans leurs apprentissages mais aussi sur leur sant\u00e9.<\/p>\n\n\n\n<figure class=\"wp-block-image size-large\"><img decoding=\"async\" loading=\"lazy\" width=\"1024\" height=\"677\" src=\"https:\/\/klassroom.fr\/le-tableau\/wp-content\/uploads\/2023\/11\/image-2-1024x677.jpeg\" alt=\"\" class=\"wp-image-6553\" srcset=\"https:\/\/klassroom.fr\/le-tableau\/wp-content\/uploads\/2023\/11\/image-2-1024x677.jpeg 1024w, https:\/\/klassroom.fr\/le-tableau\/wp-content\/uploads\/2023\/11\/image-2-300x198.jpeg 300w, https:\/\/klassroom.fr\/le-tableau\/wp-content\/uploads\/2023\/11\/image-2-768x508.jpeg 768w, https:\/\/klassroom.fr\/le-tableau\/wp-content\/uploads\/2023\/11\/image-2-1536x1015.jpeg 1536w, https:\/\/klassroom.fr\/le-tableau\/wp-content\/uploads\/2023\/11\/image-2-380x251.jpeg 380w, https:\/\/klassroom.fr\/le-tableau\/wp-content\/uploads\/2023\/11\/image-2-800x529.jpeg 800w, https:\/\/klassroom.fr\/le-tableau\/wp-content\/uploads\/2023\/11\/image-2-1160x767.jpeg 1160w, https:\/\/klassroom.fr\/le-tableau\/wp-content\/uploads\/2023\/11\/image-2.jpeg 1920w\" sizes=\"(max-width: 1024px) 100vw, 1024px\" \/><\/figure>\n\n\n\n<p>Pensez-vous que vous aimeriez enseigner en Su\u00e8de ?<\/p>\n\n\n\n<p>Retrouvez les articles sur le syst\u00e8me scolaire&nbsp;<a href=\"https:\/\/klassroom.fr\/le-tableau\/item\/N0000LD1QS0M4\/comment-cest-chez-eux-le-japon\">japonais<\/a>&nbsp;ou&nbsp;<a href=\"https:\/\/klassroom.fr\/le-tableau\/item\/N0000L9ZP7C6I\/comment-cest-chez-eux-le-canada\">canadien<\/a>&nbsp;sur notre blog.<\/p>\n","protected":false},"excerpt":{"rendered":"On vous emm\u00e8ne d\u00e9couvrir le syst\u00e8me scolaire su\u00e9dois. Cours d\u2019empathie, repas chauds gratuits pour tous, fin des cours&hellip;\n","protected":false},"author":13,"featured_media":6563,"comment_status":"open","ping_status":"open","sticky":false,"template":"","format":"standard","meta":{"om_disable_all_campaigns":false,"_mi_skip_tracking":false},"categories":[123],"tags":[],"aioseo_notices":[],"_links":{"self":[{"href":"https:\/\/klassroom.fr\/le-tableau\/wp-json\/wp\/v2\/posts\/6533"}],"collection":[{"href":"https:\/\/klassroom.fr\/le-tableau\/wp-json\/wp\/v2\/posts"}],"about":[{"href":"https:\/\/klassroom.fr\/le-tableau\/wp-json\/wp\/v2\/types\/post"}],"author":[{"embeddable":true,"href":"https:\/\/klassroom.fr\/le-tableau\/wp-json\/wp\/v2\/users\/13"}],"replies":[{"embeddable":true,"href":"https:\/\/klassroom.fr\/le-tableau\/wp-json\/wp\/v2\/comments?post=6533"}],"version-history":[{"count":2,"href":"https:\/\/klassroom.fr\/le-tableau\/wp-json\/wp\/v2\/posts\/6533\/revisions"}],"predecessor-version":[{"id":6593,"href":"https:\/\/klassroom.fr\/le-tableau\/wp-json\/wp\/v2\/posts\/6533\/revisions\/6593"}],"wp:featuredmedia":[{"embeddable":true,"href":"https:\/\/klassroom.fr\/le-tableau\/wp-json\/wp\/v2\/media\/6563"}],"wp:attachment":[{"href":"https:\/\/klassroom.fr\/le-tableau\/wp-json\/wp\/v2\/media?parent=6533"}],"wp:term":[{"taxonomy":"category","embeddable":true,"href":"https:\/\/klassroom.fr\/le-tableau\/wp-json\/wp\/v2\/categories?post=6533"},{"taxonomy":"post_tag","embeddable":true,"href":"https:\/\/klassroom.fr\/le-tableau\/wp-json\/wp\/v2\/tags?post=6533"}],"curies":[{"name":"wp","href":"https:\/\/api.w.org\/{rel}","templated":true}]}}